{"id":2616,"global_id":"sueyingkoang.com\/de?id=2616","global_id_lineage":["sueyingkoang.com\/de?id=2616"],"author":"2","status":"publish","date":"2023-03-19 00:10:34","date_utc":"2023-03-18 23:10:34","modified":"2023-03-19 00:10:34","modified_utc":"2023-03-18 23:10:34","url":"https:\/\/sueyingkoang.com\/de\/event\/terpsycordes-mah\/","rest_url":"https:\/\/sueyingkoang.com\/de\/wp-json\/tribe\/events\/v1\/events\/2616","title":"Terpsycordes au Mus\u00e9e d&#8217;Art &amp; d&#8217;Histoire de Gen\u00e8ve","description":"","excerpt":"","slug":"terpsycordes-mah","image":false,"all_day":false,"start_date":"2021-11-25 19:00:00","start_date_details":{"year":"2021","month":"11","day":"25","hour":"19","minutes":"00","seconds":"00"},"end_date":"2021-11-25 19:00:00","end_date_details":{"year":"2021","month":"11","day":"25","hour":"19","minutes":"00","seconds":"00"},"utc_start_date":"2021-11-25 18:00:00","utc_start_date_details":{"year":"2021","month":"11","day":"25","hour":"18","minutes":"00","seconds":"00"},"utc_end_date":"2021-11-25 18:00:00","utc_end_date_details":{"year":"2021","month":"11","day":"25","hour":"18","minutes":"00","seconds":"00"},"timezone":"Europe\/Paris","timezone_abbr":"CET","cost":"","cost_details":{"currency_symbol":"","currency_code":"","currency_position":"prefix","values":[]},"website":"","show_map":true,"show_map_link":true,"hide_from_listings":false,"sticky":false,"featured":false,"categories":[{"name":"Konzertsaison 2021-2022","slug":"konzertsaison-2021-2022","term_group":0,"term_taxonomy_id":2,"taxonomy":"tribe_events_cat","description":"","parent":0,"count":56,"filter":"raw","id":2,"urls":{"self":"https:\/\/sueyingkoang.com\/de\/wp-json\/tribe\/events\/v1\/categories\/2","collection":"https:\/\/sueyingkoang.com\/de\/wp-json\/tribe\/events\/v1\/categories"}}],"tags":[],"venue":{"id":2618,"author":"2","status":"publish","date":"2023-03-19 00:10:35","date_utc":"2023-03-18 23:10:35","modified":"2023-03-19 00:10:35","modified_utc":"2023-03-18 23:10:35","url":"https:\/\/sueyingkoang.com\/de\/veranstaltungsort\/musee-dart-et-dhistoire-de-geneve\/","venue":"Mus\u00e9e d&#8217;Art et d&#8217;Histoire de Gen\u00e8ve","slug":"musee-dart-et-dhistoire-de-geneve","address":"Rue Charles-Galland 2","city":"Gen\u00e8ve","country":"Suisse","zip":"1206","json_ld":{"@type":"Place","name":"Mus\u00e9e d&#8217;Art et d&#8217;Histoire de Gen\u00e8ve","description":"","url":"","address":{"@type":"PostalAddress","streetAddress":"Rue Charles-Galland 2","addressLocality":"Gen\u00e8ve","postalCode":"1206","addressCountry":"Suisse"},"telephone":"","sameAs":""},"show_map":true,"show_map_link":true,"global_id":"sueyingkoang.com\/de?id=2618","global_id_lineage":["sueyingkoang.com\/de?id=2618"]},"organizer":[{"id":2619,"author":"2","status":"publish","date":"2023-03-19 00:10:35","date_utc":"2023-03-18 23:10:35","modified":"2023-03-19 00:10:35","modified_utc":"2023-03-18 23:10:35","url":"https:\/\/sueyingkoang.com\/de\/veranstalter\/musee-dart-dhistoire-de-geneve\/","organizer":"Mus\u00e9e d&#8217;Art &amp; d&#8217;Histoire de Gen\u00e8ve","slug":"musee-dart-dhistoire-de-geneve","json_ld":{"@type":"Person","name":"Mus\u00e9e d&#8217;Art &amp; d&#8217;Histoire de Gen\u00e8ve","description":"","url":"","telephone":"","email":"","sameAs":""},"global_id":"sueyingkoang.com\/de?id=2619","global_id_lineage":["sueyingkoang.com\/de?id=2619"]}],"custom_fields":[],"json_ld":{"@context":"http:\/\/schema.org","@type":"Event","name":"Terpsycordes au Mus\u00e9e d&#8217;Art &amp; d&#8217;Histoire de Gen\u00e8ve","description":"","url":"https:\/\/sueyingkoang.com\/de\/event\/terpsycordes-mah\/","eventAttendanceMode":"https:\/\/schema.org\/OfflineEventAttendanceMode","eventStatus":"https:\/\/schema.org\/EventScheduled","startDate":"2021-11-25T19:00:00+01:00","endDate":"2021-11-25T19:00:00+01:00","location":{"@type":"Place","name":"Mus\u00e9e d&#8217;Art et d&#8217;Histoire de Gen\u00e8ve","description":"","url":"","address":{"@type":"PostalAddress","streetAddress":"Rue Charles-Galland 2","addressLocality":"Gen\u00e8ve","postalCode":"1206","addressCountry":"Suisse"},"telephone":"","sameAs":""},"organizer":{"@type":"Person","name":"Mus\u00e9e d&#8217;Art &amp; d&#8217;Histoire de Gen\u00e8ve","description":"","url":"","telephone":"","email":"","sameAs":""},"performer":"Organization"}}